{"id":4945,"date":"2025-03-13T00:00:00","date_gmt":"2025-03-12T23:00:00","guid":{"rendered":"https:\/\/sneaker.de\/news\/adidas-before-there-are-a-thousand-there-is-the-original-2025-campaign\/"},"modified":"2026-08-24T14:21:07","modified_gmt":"2026-08-24T12:21:07","slug":"adidas-before-there-are-a-thousand-there-is-the-original-2025-campaign","status":"publish","type":"snkr_news","link":"https:\/\/sneaker.de\/en\/news\/adidas-before-there-are-a-thousand-there-is-the-original-2025-campaign\/","title":{"rendered":"adidas Originals unveils its new brand campaign, THE ORIGINAL, for Spring\/Summer 2025"},"content":{"rendered":"<p id=\"\">adidas Originals stellt heute die neue Markenkampagne \u201eTHE ORIGINAL\u201c f\u00fcr Fr\u00fchjahr\/Sommer 2025 vor &#8211; eine Kampagne, die auf der \u00dcberzeugung basiert, dass revolution\u00e4re Ver\u00e4nderungen mit einem einzigen Menschen beginnen.<\/p>\n<p id=\"\">\u200d<\/p>\n<figure id=\"\" class=\"w-richtext-figure-type-image w-richtext-align-fullwidth\" style=\"max-width:1400px\" data-rt-type=\"image\" data-rt-align=\"fullwidth\" data-rt-max-width=\"1400px\">\n<div id=\"\"><img decoding=\"async\" id=\"\" alt=\"adidas Originals - &quot;The Original&quot; Brand Campaign 2025\" src=\"https:\/\/sneaker.de\/wp-content\/uploads\/2025\/03\/adidas-the-original-campaign-superstar-2025206.jpg\" width=\"auto\" height=\"auto\" loading=\"lazy\"><\/div><figcaption id=\"\">adidas Originals &#8211; &#8222;The Original&#8220; Markenkampagne 2025<\/figcaption><\/figure>\n<p id=\"\">\u200d<\/p>\n<p id=\"\">Damit richtet die Marke mit den drei Streifen f\u00fcr die kommende Saison den Schwerpunkt nicht mehr nur auf die Anerkennung seines kulturellen Schaffens, sondern auch auf die Inspiration k\u00fcnftiger Generationen.<\/p>\n<p id=\"\">\u200d<\/p>\n<figure id=\"\" class=\"w-richtext-figure-type-image w-richtext-align-fullwidth\" style=\"max-width:1400px\" data-rt-type=\"image\" data-rt-align=\"fullwidth\" data-rt-max-width=\"1400px\">\n<div id=\"\"><img decoding=\"async\" id=\"\" alt=\"adidas Originals - Before there are a thousand, there is The Original. - Campaign\" src=\"https:\/\/sneaker.de\/wp-content\/uploads\/2025\/03\/67d2a5f3deef41e418500904_adidas-the-original-campaign-superstar-2025-4.jpg\" width=\"auto\" height=\"auto\" loading=\"lazy\"><\/div><figcaption id=\"\">adidas Originals &#8211; Before there are a thousand, there is The Original.<\/figcaption><\/figure>\n<p id=\"\">\u200d<\/p>\n<p id=\"\">Im Fokus der Kampagne stehen dabei die ikonischen Franchises, die im Laufe der Zeit von den \u201eOriginals\u201c und Tausenden von Menschen quer durch verschiedene kulturelle Str\u00f6mungen getragen wurden: die Low-Profile-Silhouetten Japan, Tokyo und Taekwondo, der Superstar II, der Handball Spezial und der Samba OG.<\/p>\n<p id=\"\">\u200d<\/p>\n<figure id=\"\" class=\"w-richtext-figure-type-image w-richtext-align-fullwidth\" style=\"max-width:1400px\" data-rt-type=\"image\" data-rt-align=\"fullwidth\" data-rt-max-width=\"1400px\">\n<div id=\"\"><img decoding=\"async\" id=\"\" alt=\"adidas Originals - Superstar II\u00a0- Black \/ White\" src=\"https:\/\/sneaker.de\/wp-content\/uploads\/2025\/03\/67d2a5fe63a2600c078a6d93_adidas-the-original-campaign-superstar-2025-5.jpg\" width=\"auto\" height=\"auto\" loading=\"lazy\"><\/div><figcaption id=\"\">adidas Originals &#8211; Superstar II&nbsp;&#8211; Black \/ White<\/figcaption><\/figure>\n<p id=\"\">\u200d<\/p>\n<p id=\"\">F\u00fcr die neue Kampagne hat sich adidas Originals mit dem renommierten Regisseur Thibaut Grevet zusammengetan, dessen unverwechselbare Bildsprache die kulturelle Landschaft durch seine Arbeit gepr\u00e4gt hat. <\/p>\n<p id=\"\">\u200d<\/p>\n<figure id=\"\" class=\"w-richtext-figure-type-image w-richtext-align-fullwidth\" style=\"max-width:1400px\" data-rt-type=\"image\" data-rt-align=\"fullwidth\" data-rt-max-width=\"1400px\">\n<div id=\"\"><img decoding=\"async\" id=\"\" alt=\"__wf_reserved_inherit\" src=\"https:\/\/sneaker.de\/wp-content\/uploads\/2025\/03\/67d2a60b7bc6082fb546591e_adidas-the-original-campaign-superstar-2025-7.jpg\" width=\"auto\" height=\"auto\" loading=\"lazy\"><\/div>\n<\/figure>\n<p id=\"\">\u200d<\/p>\n<p id=\"\">Wie die \u201eOriginals\u201c selbst bewegt er sich dabei in einem Spannungsfeld zwischen Sport, Musik und Mode gleicherma\u00dfen. <\/p>\n<p id=\"\">\u200d<\/p>\n<figure id=\"\" class=\"w-richtext-figure-type-image w-richtext-align-fullwidth\" style=\"max-width:1400px\" data-rt-type=\"image\" data-rt-align=\"fullwidth\" data-rt-max-width=\"1400px\">\n<div id=\"\"><img decoding=\"async\" id=\"\" alt=\"__wf_reserved_inherit\" src=\"https:\/\/sneaker.de\/wp-content\/uploads\/2025\/03\/67d2a67ca3be0907ba8f0a1f_adidas-the-original-campaign-superstar-2025-12.jpg\" width=\"auto\" height=\"auto\" loading=\"lazy\"><\/div>\n<\/figure>\n<p id=\"\">\u200d<\/p>\n<p id=\"\">Seine Arbeit, \u00e4hnlich wie die kultigen adidas Originals Silhouetten, vereint Vision, Handwerkskunst und ein klares Bekenntnis zur Authentizit\u00e4t.<\/p>\n<p id=\"\">\u200d<\/p>\n<figure id=\"\" class=\"w-richtext-figure-type-image w-richtext-align-fullwidth\" style=\"max-width:1400px\" data-rt-type=\"image\" data-rt-align=\"fullwidth\" data-rt-max-width=\"1400px\">\n<div id=\"\"><img decoding=\"async\" id=\"\" alt=\"__wf_reserved_inherit\" src=\"https:\/\/sneaker.de\/wp-content\/uploads\/2025\/03\/67d2a64638d45ca8dc19907d_adidas-the-original-campaign-superstar-2025-1.jpg\" width=\"auto\" height=\"auto\" loading=\"lazy\"><\/div>\n<\/figure>\n<p id=\"\">\u200d<\/p>\n<p id=\"\">Grevet bringt seinen unverkennbaren Stil f\u00fcr die Kampagne in einen stimmungsvollen Kurzfilm ein, der die Essenz der Originalit\u00e4t einf\u00e4ngt.<\/p>\n<p id=\"\">\u200d<\/p>\n<figure id=\"\" class=\"w-richtext-figure-type-image w-richtext-align-fullwidth\" style=\"max-width:1400px\" data-rt-type=\"image\" data-rt-align=\"fullwidth\" data-rt-max-width=\"1400px\">\n<div id=\"\"><img decoding=\"async\" id=\"\" alt=\"adidas Originals - Superstar II\u00a0- Black \/ White\" src=\"https:\/\/sneaker.de\/wp-content\/uploads\/2025\/03\/67d2a6267a79df1ba8d319ce_adidas-the-original-campaign-superstar-2025-8.jpg\" width=\"auto\" height=\"auto\" loading=\"lazy\"><\/div><figcaption id=\"\">adidas Originals &#8211; Superstar II&nbsp;&#8211; Black \/ White<\/figcaption><\/figure>\n<p id=\"\">\u200d<\/p>\n<p id=\"\">Durch seine Linse erlebt das Publikum die Dynamik derjenigen, die Tausende inspiriert haben, die in ihre Fu\u00dfstapfen getreten sind &#8211; erz\u00e4hlt durch raffinierte Gegen\u00fcberstellungen, bei denen die Energie der Menge die B\u00fchne bildet, w\u00e4hrend wir jedes \u201eOriginal\u201c in seinem Umfeld erleben.<\/p>\n<p id=\"\">\u200d<\/p>\n<figure id=\"\" class=\"w-richtext-figure-type-image w-richtext-align-fullwidth\" style=\"max-width:1400px\" data-rt-type=\"image\" data-rt-align=\"fullwidth\" data-rt-max-width=\"1400px\">\n<div id=\"\"><img decoding=\"async\" id=\"\" alt=\"adidas Originals - Samba - White \/ Black\" src=\"https:\/\/sneaker.de\/wp-content\/uploads\/2025\/03\/67d2a63327ef57c1915d1957_adidas-the-original-campaign-superstar-2025-11.jpg\" width=\"auto\" height=\"auto\" loading=\"lazy\"><\/div><figcaption id=\"\">adidas Originals &#8211; Samba &#8211; White \/ Black<\/figcaption><\/figure>\n<p id=\"\">\u200d<\/p>\n<p id=\"\">Der Kampagnenfilm wird von dem passenden Soundtrack \u201eOnly You (And You Alone)\u201c von The Platters begleitet.<\/p>\n<p id=\"\">\u200d<\/p>\n<figure id=\"\" class=\"w-richtext-figure-type-video w-richtext-align-fullwidth\" style=\"padding-bottom:56.33802816901409%\" data-rt-type=\"video\" data-rt-align=\"fullwidth\" data-rt-max-width=\"\" data-rt-max-height=\"56.33802816901409%\" data-rt-dimensions=\"426:240\" data-page-url=\"https:\/\/vimeo.com\/1065402885?share=copy\">\n<div id=\"\"><\/div>\n<\/figure>\n<p id=\"\">\u200d<\/p>\n<p id=\"\">\u200d<\/p>\n<figure id=\"\" class=\"w-richtext-figure-type-image w-richtext-align-fullwidth\" style=\"max-width:1400px\" data-rt-type=\"image\" data-rt-align=\"fullwidth\" data-rt-max-width=\"1400px\">\n<div id=\"\"><img decoding=\"async\" id=\"\" alt=\"__wf_reserved_inherit\" src=\"https:\/\/sneaker.de\/wp-content\/uploads\/2025\/03\/67d2a616166833a0348a0b08_adidas-the-original-campaign-superstar-2025-9.jpg\" width=\"auto\" height=\"auto\" loading=\"lazy\"><\/div>\n<\/figure>\n<p id=\"\">\u200d<\/p>\n<figure id=\"\" class=\"w-richtext-figure-type-image w-richtext-align-fullwidth\" style=\"max-width:1400px\" data-rt-type=\"image\" data-rt-align=\"fullwidth\" data-rt-max-width=\"1400px\">\n<div id=\"\"><img decoding=\"async\" id=\"\" alt=\"__wf_reserved_inherit\" src=\"https:\/\/sneaker.de\/wp-content\/uploads\/2025\/03\/67d2a6b0deef41e41850fd1e_adidas-the-original-campaign-superstar-2025-3.jpg\" width=\"auto\" height=\"auto\" loading=\"lazy\"><\/div>\n<\/figure>\n<p id=\"\">\u200d<\/p>\n<figure id=\"\" class=\"w-richtext-figure-type-image w-richtext-align-fullwidth\" style=\"max-width:1400px\" data-rt-type=\"image\" data-rt-align=\"fullwidth\" data-rt-max-width=\"1400px\">\n<div id=\"\"><img decoding=\"async\" id=\"\" alt=\"adidas Originals - Superstar II\u00a0- Black \/ White\" src=\"https:\/\/sneaker.de\/wp-content\/uploads\/2025\/03\/67d2a6c42410b123d8893736_adidas-the-original-campaign-superstar-2025-2.jpg\" width=\"auto\" height=\"auto\" loading=\"lazy\"><\/div><figcaption id=\"\">adidas Originals &#8211; Superstar II&nbsp;&#8211; Black \/ White<\/figcaption><\/figure>\n<p id=\"\">\u200d<\/p>\n<figure id=\"\" class=\"w-richtext-figure-type-image w-richtext-align-fullwidth\" style=\"max-width:1400px\" data-rt-type=\"image\" data-rt-align=\"fullwidth\" data-rt-max-width=\"1400px\">\n<div id=\"\"><img decoding=\"async\" id=\"\" alt=\"__wf_reserved_inherit\" src=\"https:\/\/sneaker.de\/wp-content\/uploads\/2025\/03\/adidas-the-original-campaign-superstar-20252013.jpg\" width=\"auto\" height=\"auto\" loading=\"lazy\"><\/div>\n<\/figure>\n<p id=\"\">\u200d<\/p>\n<p id=\"\">Fotos via adidas<\/p>\n","protected":false},"excerpt":{"rendered":"<p>adidas Originals stellt heute die neue Markenkampagne \u201eTHE ORIGINAL\u201c f\u00fcr Fr\u00fchjahr\/Sommer 2025 vor &#8211; eine Kampagne, die auf der \u00dcberzeugung basiert, dass revolution\u00e4re Ver\u00e4nderungen mit einem einzigen Menschen beginnen. \u200d adidas Originals &#8211; &#8222;The Original&#8220; Markenkampagne 2025 \u200d Damit richtet die Marke mit den drei Streifen f\u00fcr die kommende Saison den Schwerpunkt nicht mehr nur [&hellip;]<\/p>\n","protected":false},"featured_media":4946,"template":"","meta":{"_snkr_related_release_include":"","_snkr_related_release_exclude":"","_snkr_is_opener":"0","_snkr_featured":"0","_snkr_homepage_highlight":""},"snkr_kategorie":[17],"snkr_tag":[31],"class_list":["post-4945","snkr_news","type-snkr_news","status-publish","has-post-thumbnail","hentry","snkr_kategorie-bubble","snkr_tag-adidasoriginals"],"_links":{"self":[{"href":"https:\/\/sneaker.de\/en\/wp-json\/wp\/v2\/snkr_news\/4945","targetHints":{"allow":["GET"]}}],"collection":[{"href":"https:\/\/sneaker.de\/en\/wp-json\/wp\/v2\/snkr_news"}],"about":[{"href":"https:\/\/sneaker.de\/en\/wp-json\/wp\/v2\/types\/snkr_news"}],"wp:featuredmedia":[{"embeddable":true,"href":"https:\/\/sneaker.de\/en\/wp-json\/wp\/v2\/media\/4946"}],"wp:attachment":[{"href":"https:\/\/sneaker.de\/en\/wp-json\/wp\/v2\/media?parent=4945"}],"wp:term":[{"taxonomy":"snkr_kategorie","embeddable":true,"href":"https:\/\/sneaker.de\/en\/wp-json\/wp\/v2\/snkr_kategorie?post=4945"},{"taxonomy":"snkr_tag","embeddable":true,"href":"https:\/\/sneaker.de\/en\/wp-json\/wp\/v2\/snkr_tag?post=4945"}],"curies":[{"name":"wp","href":"https:\/\/api.w.org\/{rel}","templated":true}]}}