{"id":41029,"date":"2026-06-29T00:00:00","date_gmt":"2026-06-28T22:00:00","guid":{"rendered":"https:\/\/sneaker.de\/news\/adidas-originals-stan-smith-residency-paris-fashion-week-2026\/"},"modified":"2026-08-24T14:10:58","modified_gmt":"2026-08-24T12:10:58","slug":"adidas-originals-stan-smith-residency-paris-fashion-week-2026","status":"publish","type":"snkr_news","link":"https:\/\/sneaker.de\/en\/news\/adidas-originals-stan-smith-residency-paris-fashion-week-2026\/","title":{"rendered":"adidas Originals is celebrating the Stan Smith with a creative residency in Paris"},"content":{"rendered":"<p>Im Rahmen der Pariser Fashion Week verwandelte adidas Originals das TTGT Studio am 26. und 27. Juni in eine zweit\u00e4gige Creative Residency rund um den Stan Smith. <\/p>\n<p>Das immersive Format setzte den Sneaker als kulturelle Ikone in einen zeitgen\u00f6ssischen Fashion-Kontext und zeigte, warum sein reduziertes Design bis heute als offene Leinwand f\u00fcr Kreativit\u00e4t, Selbstausdruck und kulturelle Interpretation funktioniert.<\/p>\n<figure style=\"max-width:1400pxpx\" class=\"w-richtext-align-fullwidth w-richtext-figure-type-image\">\n<div><img decoding=\"async\" alt=\"adidas Originals Stan Smith - Loli Bahia\" src=\"https:\/\/sneaker.de\/wp-content\/uploads\/2026\/06\/6a427ff5b6d2a975192c7087_adidas-originals-stan-smith-residency-paris-fashion-week-2026-14.jpg\" loading=\"lazy\"><\/div><figcaption>adidas Originals Stan Smith &#8211; Loli Bahia<\/figcaption><\/figure>\n<figure style=\"max-width:1400pxpx\" class=\"w-richtext-align-fullwidth w-richtext-figure-type-image\">\n<div><img decoding=\"async\" alt=\"\" src=\"https:\/\/sneaker.de\/wp-content\/uploads\/2026\/06\/6a427e426c8a04007d10ebaa_adidas-originals-stan-smith-residency-paris-fashion-week-2026-4.jpg\" loading=\"lazy\"><\/div>\n<\/figure>\n<figure style=\"max-width:1400pxpx\" class=\"w-richtext-align-fullwidth w-richtext-figure-type-image\">\n<div><img decoding=\"async\" alt=\"\" src=\"https:\/\/sneaker.de\/wp-content\/uploads\/2026\/06\/6a427f396cd6882d988a41d0_adidas-originals-stan-smith-residency-paris-fashion-week-2026-7.jpg\" loading=\"lazy\"><\/div>\n<\/figure>\n<figure style=\"max-width:1400pxpx\" class=\"w-richtext-align-fullwidth w-richtext-figure-type-image\">\n<div><img decoding=\"async\" alt=\"adidas Originals Stan Smith Lo Pro Ballet - Gabriette\" src=\"https:\/\/sneaker.de\/wp-content\/uploads\/2026\/06\/6a428002b6d2a975192c8159_adidas-originals-stan-smith-residency-paris-fashion-week-2026-10.jpg\" loading=\"lazy\"><\/div><figcaption>adidas Originals Stan Smith Lo Pro Ballet &#8211; Gabriette<\/figcaption><\/figure>\n<figure style=\"max-width:1400pxpx\" class=\"w-richtext-align-fullwidth w-richtext-figure-type-image\">\n<div><img decoding=\"async\" alt=\"\" src=\"https:\/\/sneaker.de\/wp-content\/uploads\/2026\/06\/6a427e56070a580f2a8ea99f_adidas-originals-stan-smith-residency-paris-fashion-week-2026-5.jpg\" loading=\"lazy\"><\/div>\n<\/figure>\n<p>Im Zentrum stand die Idee des Stan Smith als funktionales, sofort wiedererkennbares Objekt: klar in der Form, zur\u00fcckhaltend im Ausdruck und dennoch fest in Mode, Kunst, Musik und Skateboarding verankert. Gemeinsam mit TTGT lud adidas Originals eine Reihe von K\u00fcnstlerInnen, MusikerInnen und Kreativen ein, diese Haltung in unterschiedlichen Formaten neu zu \u00fcbersetzen.<\/p>\n<figure style=\"max-width:1400pxpx\" class=\"w-richtext-align-fullwidth w-richtext-figure-type-image\">\n<div><img decoding=\"async\" alt=\"\" src=\"https:\/\/sneaker.de\/wp-content\/uploads\/2026\/06\/6a427e5ffe09b1f202065a77_adidas-originals-stan-smith-residency-paris-fashion-week-2026-2.jpg\" loading=\"lazy\"><\/div>\n<\/figure>\n<p>Mathilde Vallantin Dulac er\u00f6ffnete die Residency mit einer kuratierten Auswahl funktionaler gr\u00fcner Objekte, die den Stan Smith aus einer gestalterischen und praktischen Perspektive lesbar machten. <\/p>\n<p>Yung Lean verwandelte einen Raum in eine Live-Spraypainting-Installation, w\u00e4hrend James Blake in einer intimen Session neue und \u00e4ltere Werke pr\u00e4sentierte und dabei das Verh\u00e4ltnis zwischen K\u00fcnstler und den Werkzeugen der Musikproduktion untersuchte.<\/p>\n<figure style=\"max-width:1400pxpx\" class=\"w-richtext-align-fullwidth w-richtext-figure-type-image\">\n<div><img decoding=\"async\" alt=\"adidas Originals Stan Smith Lo Pro Ballet - Yung Lean\" src=\"https:\/\/sneaker.de\/wp-content\/uploads\/2026\/06\/6a427eb0bf8704a31dae93e7_adidas-originals-stan-smith-residency-paris-fashion-week-2026-17.jpg\" loading=\"lazy\"><\/div><figcaption>adidas Originals Stan Smith Lo Pro Ballet &#8211; Yung Lean<\/figcaption><\/figure>\n<figure style=\"max-width:1400pxpx\" class=\"w-richtext-align-fullwidth w-richtext-figure-type-image\">\n<div><img decoding=\"async\" alt=\"adidas Originals Stan Smith - James Blake\" src=\"https:\/\/sneaker.de\/wp-content\/uploads\/2026\/06\/6a42801ab6d2a975192cabc6_adidas-originals-stan-smith-residency-paris-fashion-week-2026-12.jpg\" loading=\"lazy\"><\/div><figcaption>adidas Originals Stan Smith &#8211; James Blake<\/figcaption><\/figure>\n<p>Mark Gonzales arbeitete mit dem adidas Skate Team an der Schnittstelle von Skateboarding und Kunst und stellte das Skateboard, \u00e4hnlich wie den Stan Smith, als simples, ikonisches Objekt mit kulturellem Erbe in den Mittelpunkt. <\/p>\n<figure style=\"max-width:1400pxpx\" class=\"w-richtext-align-fullwidth w-richtext-figure-type-image\">\n<div><img decoding=\"async\" alt=\"adidas Stan Smith - Mark Gonzales\" src=\"https:\/\/sneaker.de\/wp-content\/uploads\/2026\/06\/6a427ebf3a6722ce245dc4e5_adidas-originals-stan-smith-residency-paris-fashion-week-2026-15.jpg\" loading=\"lazy\"><\/div><figcaption>adidas Stan Smith &#8211; Mark Gonzales<\/figcaption><\/figure>\n<figure style=\"max-width:1400pxpx\" class=\"w-richtext-align-fullwidth w-richtext-figure-type-image\">\n<div><img decoding=\"async\" alt=\"adidas Originals Stan Smith - Myles Lewis-Skelly\" src=\"https:\/\/sneaker.de\/wp-content\/uploads\/2026\/06\/6a42802385434617b9dec62a_adidas-originals-stan-smith-residency-paris-fashion-week-2026-16.jpg\" loading=\"lazy\"><\/div><figcaption>Myles Lewis-Skelly<\/figcaption><\/figure>\n<p>Cyprien Gaillard zeigte mit Untitled eine Arbeit, in der Rauch aus einem Tunnel langsam die Landschaft \u00fcberlagert und wieder freigibt. <\/p>\n<p>Thibaut Grevet nutzte den Raum als tempor\u00e4res Portrait-Studio f\u00fcr die teilnehmenden K\u00fcnstlerInnen und zeigte zugleich einen ersten Einblick in sein Projekt FAR.<\/p>\n<figure style=\"max-width:1400pxpx\" class=\"w-richtext-align-fullwidth w-richtext-figure-type-image\">\n<div><img decoding=\"async\" alt=\"adidas Originals Stan Smith - Little Simz\" src=\"https:\/\/sneaker.de\/wp-content\/uploads\/2026\/06\/6a427fc06cd6882d988a8882_adidas-originals-stan-smith-residency-paris-fashion-week-2026-13.jpg\" loading=\"lazy\"><\/div><figcaption>adidas Originals Stan Smith &#8211; Little Simz<\/figcaption><\/figure>\n<p>Auch musikalisch setzte die Residency auf Reduktion und Pr\u00e4senz: Ibeyi konzentrierten sich auf Stimme, Percussion, Rhythmus und Intuition, w\u00e4hrend die Londoner Soul-Artist Debbie gemeinsam mit einem 12-k\u00f6pfigen Gospelchor einen Sound-Sanctuary als ruhigen Gegenpol zum Tempo der Fashion Week schuf. <\/p>\n<p>Guillermo Santom\u00e0 erg\u00e4nzte das Programm mit einer Lounge-Installation, die Materialit\u00e4t, Funktion und Austausch in den Mittelpunkt stellte.<\/p>\n<figure style=\"max-width:1400pxpx\" class=\"w-richtext-align-fullwidth w-richtext-figure-type-image\">\n<div><img decoding=\"async\" alt=\"adidas Originals Stan Smith - Ibeyi\" src=\"https:\/\/sneaker.de\/wp-content\/uploads\/2026\/06\/adidas-originals-stan-smith-residency-paris-fashion-week-2026-11.jpg\" loading=\"lazy\"><\/div><figcaption>adidas Originals Stan Smith &#8211; Ibeyi<\/figcaption><\/figure>\n<figure style=\"max-width:1400pxpx\" class=\"w-richtext-align-fullwidth w-richtext-figure-type-image\">\n<div><img decoding=\"async\" alt=\"adidas Originals Stan Smith - Debbie\" src=\"https:\/\/sneaker.de\/wp-content\/uploads\/2026\/06\/6a427f1c3a6722ce245de2cc_adidas-originals-stan-smith-residency-paris-fashion-week-2026-9.jpg\" loading=\"lazy\"><\/div><figcaption>adidas Originals Stan Smith &#8211; Debbie<\/figcaption><\/figure>\n<p>Abgerundet wurde die Stan Smith Residency durch eine Archivausstellung mit ausgew\u00e4hlten Modellen aus dem adidas Archiv in Herzogenaurach. <\/p>\n<p>Neben historischen Referenzen zeigte adidas Originals auch unver\u00f6ffentlichte Iterationen des Stan Smith und stellte damit die Verbindung zwischen Vergangenheit, Gegenwart und Zukunft der Silhouette her.<\/p>\n<figure style=\"max-width:1400pxpx\" class=\"w-richtext-align-fullwidth w-richtext-figure-type-image\">\n<div><img decoding=\"async\" alt=\"\" src=\"https:\/\/sneaker.de\/wp-content\/uploads\/2026\/06\/6a427f643317a2bce5583573_adidas-originals-stan-smith-residency-paris-fashion-week-2026-6.jpg\" loading=\"lazy\"><\/div><figcaption>adidas Originals Stan Smith &#8222;Paris&#8220;<\/figcaption><\/figure>\n<p>Die Stan Smith Residency wirkt damit nicht nur wie eine W\u00fcrdigung eines Klassikers, sondern auch wie ein bewusster Ausblick auf die kommenden Monate. <\/p>\n<p>Nachdem Running-, Terrace- und Retro-Modelle zuletzt stark im Fokus standen, scheint adidas Originals den Blick wieder st\u00e4rker auf seine Court-Silhouetten zu richten. Der Stan Smith nimmt dabei eine zentrale Rolle ein: als reduzierter Klassiker, der sich immer wieder neu in Kunst, Fashion und Popkultur einf\u00fcgt.<\/p>\n<figure style=\"max-width:1400pxpx\" class=\"w-richtext-align-fullwidth w-richtext-figure-type-image\">\n<div><img decoding=\"async\" alt=\"\" src=\"https:\/\/sneaker.de\/wp-content\/uploads\/2026\/06\/6a427f6a65a30d484c86b735_adidas-originals-stan-smith-residency-paris-fashion-week-2026-1.jpg\" loading=\"lazy\"><\/div><figcaption>adidas Originals Stan Smith &#8211; &#8222;Green is the most beautiful colour&#8220;<\/figcaption><\/figure>\n<p>Fotos via adidas<\/p>\n","protected":false},"excerpt":{"rendered":"<p>As part of Paris Fashion Week, adidas Originals transformed the TTGT Studio on June 26 and 27 into a two-day creative residency centered around the Stan Smith.<\/p>\n","protected":false},"featured_media":41030,"template":"","meta":{"_snkr_related_release_include":"","_snkr_related_release_exclude":"","_snkr_is_opener":"0","_snkr_featured":"0","_snkr_homepage_highlight":"1"},"snkr_kategorie":[22],"snkr_tag":[],"class_list":["post-41029","snkr_news","type-snkr_news","status-publish","has-post-thumbnail","hentry","snkr_kategorie-sneaker"],"_links":{"self":[{"href":"https:\/\/sneaker.de\/en\/wp-json\/wp\/v2\/snkr_news\/41029","targetHints":{"allow":["GET"]}}],"collection":[{"href":"https:\/\/sneaker.de\/en\/wp-json\/wp\/v2\/snkr_news"}],"about":[{"href":"https:\/\/sneaker.de\/en\/wp-json\/wp\/v2\/types\/snkr_news"}],"wp:featuredmedia":[{"embeddable":true,"href":"https:\/\/sneaker.de\/en\/wp-json\/wp\/v2\/media\/41030"}],"wp:attachment":[{"href":"https:\/\/sneaker.de\/en\/wp-json\/wp\/v2\/media?parent=41029"}],"wp:term":[{"taxonomy":"snkr_kategorie","embeddable":true,"href":"https:\/\/sneaker.de\/en\/wp-json\/wp\/v2\/snkr_kategorie?post=41029"},{"taxonomy":"snkr_tag","embeddable":true,"href":"https:\/\/sneaker.de\/en\/wp-json\/wp\/v2\/snkr_tag?post=41029"}],"curies":[{"name":"wp","href":"https:\/\/api.w.org\/{rel}","templated":true}]}}