{"id":1830,"date":"2022-05-03T00:00:00","date_gmt":"2022-05-02T22:00:00","guid":{"rendered":"https:\/\/sneaker.de\/news\/interview-mit-stefan-schrader-von-glueckstreter-bremen\/"},"modified":"2026-08-24T14:21:00","modified_gmt":"2026-08-24T12:21:00","slug":"interview-mit-stefan-schrader-von-glueckstreter-bremen","status":"publish","type":"snkr_news","link":"https:\/\/sneaker.de\/en\/news\/interview-mit-stefan-schrader-von-glueckstreter-bremen\/","title":{"rendered":"Interview mit Stefan Schrader von Gl\u00fcckstreter"},"content":{"rendered":"<p>Wir freuen uns ein Interview zu teilen welches wir vor ein paar Tagen mit Stefan Schrader von <a href=\"https:\/\/sneaker.de\/store\/glueckstreter-bremen\" target=\"_blank\">Gl\u00fcckstreter <\/a>gef\u00fchrt haben. Gl\u00fcckstreter ist <em>die <\/em>Adresse f\u00fcr Sneaker in Bremen. Neben einer feinen Auswahl an Fu\u00dfbekleidung gibt es in dem denkmalgesch\u00fctzten Ladenlokal im Ostertorsteinweg auch T-Shirts und Accessoires.<\/p>\n<p>Stefan hat mit Gl\u00fccktreter auch schon 2 Collabs auf den Markt gebracht. Gemeinsam mit Umbro haben sie den <a href=\"https:\/\/sneaker.de\/news\/der-glueckstreter-x-umbro-x-werder-bremen-highway-wb-erscheint-in-limitierter-auflage\">Runner Neptune und die Court Silhouette Highway WB<\/a> auf den Markt gebracht. <\/p>\n<p>\u200d<\/p>\n<p>A: Wer bist Du? Kannst Du Dich kurz vorstellen?<\/p>\n<p>S:&nbsp;Moin, ich bin Stefan, 39 Jahre alt und ein Bremer Junge. Seit 2013 habe ich das gro\u00dfe Gl\u00fcck meinen eigenen Laden Gl\u00fcckstreter f\u00fchren zu d\u00fcrfen.<\/p>\n<p>\u200d<\/p>\n<figure class=\"w-richtext-figure-type-image w-richtext-align-fullwidth\" style=\"max-width:1800px\" data-rt-type=\"image\" data-rt-align=\"fullwidth\" data-rt-max-width=\"1800px\">\n<div><img decoding=\"async\" alt=\"Gl\u00fcckstreter - Bremen\" src=\"https:\/\/sneaker.de\/wp-content\/uploads\/2022\/05\/626fb9095dc8ec2f8a36fa0f_sneaker-de-stores_glueckstreter_bremen-6.jpg\" width=\"auto\" height=\"auto\" loading=\"lazy\"><\/div><figcaption>Gl\u00fcckstreter &#8211; Bremen<\/figcaption><\/figure>\n<p>\u200d<\/p>\n<p>A: Wie lange bist Du schon im Sneakeruniversum, wie kamst Du da rein? Mit welchem Modell ging es los?<\/p>\n<p>S:&nbsp;Ich habe schon immer Sneaker getragen. Fr\u00fcher war ich ein gro\u00dfer Nike Fan. Damals hat mir der Air Max 1 den Kopf verdreht.<\/p>\n<p>\u200d<\/p>\n<figure class=\"w-richtext-figure-type-image w-richtext-align-fullwidth\" style=\"max-width:1200px\" data-rt-type=\"image\" data-rt-align=\"fullwidth\" data-rt-max-width=\"1200px\">\n<div><img decoding=\"async\" src=\"https:\/\/sneaker.de\/wp-content\/uploads\/2022\/05\/626fbf467c363a6ee54c050d_nike-air-max-1-vintage-advert.jpg\" width=\"auto\" height=\"auto\" loading=\"lazy\" alt=\"\"><\/div><figcaption><em>The Run. Redefined.<\/em> &#8211; Nike Air Max 1 Werbeanzeige<\/figcaption><\/figure>\n<p>\u200d<\/p>\n<p>A: Wie hat sich seitdem der Sneakermarkt ver\u00e4ndert?<\/p>\n<p>S:&nbsp;Das Sneaker-Game ist facettenreicher geworden. Damals gab es den einen oder keinen, heute sind sehr viele gerne dazu bereit sich inspirieren zu lassen und auch mal die Komfortzone zu verlassen. Auch das Thema Nachhaltigkeit ist ein riesengro\u00dfes geworden. <\/p>\n<p>(Anmerkung der Red.:&nbsp;Gl\u00fcckstreter hat auf diesem Sektor eine gro\u00dfe Sneaker-Auswahl:&nbsp;Saola, SAYE, Flamingo und in den n\u00e4chsten Tagen kommt noch MoEa hinzu.)<\/p>\n<p>\u200d<\/p>\n<figure class=\"w-richtext-figure-type-image w-richtext-align-fullwidth\" style=\"max-width:1800px\" data-rt-type=\"image\" data-rt-align=\"fullwidth\" data-rt-max-width=\"1800px\">\n<div><img decoding=\"async\" src=\"https:\/\/sneaker.de\/wp-content\/uploads\/2026\/05\/6100100dbc30a07ec7a9c109_sneaker-de-stores_glueckstreter_bremen205-kinsta-local.jpg\" width=\"auto\" height=\"auto\" loading=\"lazy\" alt=\"\"><\/div><figcaption><em>Ein Blick ins Gl\u00fcck<\/em> &#8211; Schaufenster bei Gl\u00fcckstreter in Bremen<\/figcaption><\/figure>\n<p>\u200d<\/p>\n<p>A: Bring it back. Welcher Schuh soll wieder kommen?<\/p>\n<p>S:&nbsp;Ich bin ein gro\u00dfer Fan des adidas Tech-Super. Bring it back, please \ud83d\ude42<\/p>\n<p>\u200d<\/p>\n<figure class=\"w-richtext-figure-type-image w-richtext-align-fullwidth\" style=\"max-width:1200px\" data-rt-type=\"image\" data-rt-align=\"fullwidth\" data-rt-max-width=\"1200px\">\n<div><img decoding=\"async\" alt=\"on feet - adidas Originals - Tech Super - running white\/bliss\/vivid pink - Q20307\" src=\"https:\/\/sneaker.de\/wp-content\/uploads\/2022\/05\/626fc01564d4eb2cb4ec3565_adidas-tech-super-running-white-bliss-vivid-pink-q20307.jpg\" width=\"auto\" height=\"auto\" loading=\"lazy\"><\/div><figcaption>adidas Originals &#8211; Tech Super &#8211; running white\/bliss\/vivid pink &#8211; Q20307<\/figcaption><\/figure>\n<p>\u200d<\/p>\n<p>A: Was tr\u00e4gst Du wenn Du keine Sneaker tr\u00e4gst?<\/p>\n<p>S:&nbsp;Sobald ich aus dem Haus gehe, trage ich Sneaker. Zu Hause Adiletten. <\/p>\n<p>\u200d<\/p>\n<p>A: Welchen Sneaker hast Du zuletzt gekauft?<\/p>\n<p>S:&nbsp;Ich musste beim Karhu Trampas zuschlagen. Was f\u00fcr ein wundersch\u00f6nes und gem\u00fctliches Model. <\/p>\n<p>\u200d<\/p>\n<figure class=\"w-richtext-figure-type-image w-richtext-align-fullwidth\" style=\"max-width:1200px\" data-rt-type=\"image\" data-rt-align=\"fullwidth\" data-rt-max-width=\"1200px\">\n<div><img decoding=\"async\" alt=\"Karhu Trampas - rubber\/fiesta - F809020\" src=\"https:\/\/sneaker.de\/wp-content\/uploads\/2022\/05\/626fc02c620dac6ca8e7c7b2_WhatsApp-Image-2022-04-01-at-09.39.49.jpg\" width=\"auto\" height=\"auto\" loading=\"lazy\"><\/div><figcaption><em>Zweimal gekauft &#8211; als Store und als Stefan:<\/em>&nbsp;Karhu Trampas &#8211; rubber\/fiesta &#8211; F809020<\/figcaption><\/figure>\n<p>\u200d<\/p>\n<p>A: Welches Sneaker tr\u00e4gst Du gerade?<\/p>\n<p>S:&nbsp;Aktuell trage ich den Court-Z von HUB. Wir haben gerade unsere neue Kollektion bekommen und den trage ich gerade ein.<\/p>\n<p>\u200d<\/p>\n<figure class=\"w-richtext-figure-type-image w-richtext-align-fullwidth\" style=\"max-width:1200px\" data-rt-type=\"image\" data-rt-align=\"fullwidth\" data-rt-max-width=\"1200px\">\n<div><img decoding=\"async\" alt=\"HUB Court Z - white\/navy\" src=\"https:\/\/sneaker.de\/wp-content\/uploads\/2022\/05\/626fc03ac6a7cdd5ef00fd19_court-z-white-navy-ivory-m5901l68-l10-342.jpg\" width=\"auto\" height=\"auto\" loading=\"lazy\"><\/div><figcaption>HUB Court Z &#8211; white\/navy<\/figcaption><\/figure>\n<p>\u200d<\/p>\n<p>A: Welchen Sneaker trauerst Du nach, also welchen hast Du stehen lassen und es dann bereut?<\/p>\n<p>S:&nbsp;Meine damalige Crew ist zum Release des Koi damals nach D\u00fcsseldorf gefahren. Ich bin zu Hause geblieben. R\u00fcckblickend tut das schon sehr weh. Dieser Schuh ist so unglaublich gut gelungen. Auch die Holz-Box ist ein Highlight. Hut ab @Afew, great Job!<\/p>\n<p>\u200d<\/p>\n<figure class=\"w-richtext-figure-type-image w-richtext-align-fullwidth\" style=\"max-width:1200px\" data-rt-type=\"image\" data-rt-align=\"fullwidth\" data-rt-max-width=\"1200px\">\n<div><img decoding=\"async\" alt=\"on feet - ASICS x AFEW-Store Gel-Lyte III\u00a0- Koi - red\/black\/white - H51nk-0190\" src=\"https:\/\/sneaker.de\/wp-content\/uploads\/2022\/05\/626fc0571c516906cbc9f45e_asics-x-afew-gel-lyte-iii-koi-red-black-white-h51nk-0190.jpg\" width=\"auto\" height=\"auto\" loading=\"lazy\"><\/div><figcaption>ASICS x AFEW-Store Gel-Lyte III&nbsp;&#8211; Koi &#8211; red\/black\/white &#8211; H51nk-0190<\/figcaption><\/figure>\n<p>\u200d<\/p>\n<p>A: Bist Du Mitglied von einem Sneakerstammtisch?<\/p>\n<p>S:&nbsp;Nein. Ich darf den ganzen Tag so viel \u00fcber Sneaker reden, da tut ein bisschen Abstand manchmal auch ganz gut \ud83d\ude42<\/p>\n<p>\u200d<\/p>\n<p>A: Hat Deine Sammlung einen Schwerpunkt?<\/p>\n<p>S:&nbsp;Nein, ich gehe da gerne in die Breite. <\/p>\n<p>\u200d<\/p>\n<p>A: Wie bewahrst Du Deine Sammlung auf?<\/p>\n<p>S:&nbsp;\u00dcberall. Ich habe keinen begehbaren Schuhschrank. Ich glaube einige Schuhe liegen noch bei meiner Oma.<\/p>\n<p>\u200d<\/p>\n<figure class=\"w-richtext-figure-type-image w-richtext-align-fullwidth\" style=\"max-width:1800px\" data-rt-type=\"image\" data-rt-align=\"fullwidth\" data-rt-max-width=\"1800px\">\n<div><img decoding=\"async\" src=\"https:\/\/sneaker.de\/wp-content\/uploads\/2022\/05\/610010da77e8751fe9752a56_sneaker-de-stores_glueckstreter_bremen-2.jpg\" width=\"auto\" height=\"auto\" loading=\"lazy\" alt=\"\"><\/div><figcaption><em>Eh viel besser als ein begehbarer Kleiderschrank: <\/em>Inside Gl\u00fcckstreter<\/figcaption><\/figure>\n<p>\u200d<\/p>\n<p>A: Gibt es einen Trend in der Sneakerszene den Du vermisst oder \u00fcber den Du froh bist, dass er nicht mehr zu sehen ist?<\/p>\n<p>S:&nbsp;Ich habe den Hype um den Yeezy irgendwie nie so richtig verstanden\u2026<\/p>\n<p>\u200d<\/p>\n<p>A: Reinigst Du Deine Sneaker, wenn ja wie?<\/p>\n<p>S:&nbsp;Ja, ich habe da ein Ritual. Die Sonne muss scheinen, ich muss gute Musik h\u00f6ren, ein k\u00fchles Bierchen griffbereit haben und dann kann ich drau\u00dfen loslegen. Ich nutze Schaum, B\u00fcrste, einen Midsole-Cleaner, weiche K\u00fcchenhandt\u00fccher und ein Mikrofasertuch. <\/p>\n<p>\u200d<\/p>\n<figure class=\"w-richtext-figure-type-image w-richtext-align-fullwidth\" style=\"max-width:1200px\" data-rt-type=\"image\" data-rt-align=\"fullwidth\" data-rt-max-width=\"1200px\">\n<div><img decoding=\"async\" src=\"https:\/\/sneaker.de\/wp-content\/uploads\/2021\/12\/61b850cba6e5af49718cc4ea_umbro-x-haake-beck-greco-weiss-rot-gold-sneaker2012-kinsta-local.jpg\" width=\"auto\" height=\"auto\" loading=\"lazy\" alt=\"\"><\/div><figcaption><em>Ein Bier vorm Ladenlokal <\/em>&#8211; hier mit dem Umbro x Haake-Beck Greco, bei dem Stefan auch seine Finger im Spiel hatte&#8230;<\/figcaption><\/figure>\n<p>\u200d<\/p>\n<p>A: Bist Du penibel? Zum Beispiel Lacing, Matching der Kleidung etc?<\/p>\n<p>S:&nbsp;Die Farben d\u00fcrfen schon gerne aufeinander abgestimmt sein. Letztens habe ich extra meinen gr\u00fcnen Hoodie rausgekramt, weil er so gut zu einem Detail am Schuh passte. Es war allerdings viel zu warm f\u00fcr den Hoodie und ich musste schon etwas schwitzen im Store \ud83d\ude42<\/p>\n<p>Beim Lacing lasse ich immer die Schlaufe an der Zunge aus. Das sieht viel ruhiger und besser aus, wenn man die nicht nutzt.<\/p>\n<p>\u200d<\/p>\n<p>A: Hast Du Rituale, beispielsweise beim Auspacken eines neuen Schuhs?<\/p>\n<p>S:&nbsp;Ich studiere tats\u00e4chlich erstmal den Karton und dann mache ich ihn auf und schaue auf den Schuh im Karton. Erst nach kurzer Musterung nehme ich den Schuh in die Hand und studiere alle Details nochmal aus der N\u00e4he. Ich muss bei einem ganz neuen Schuh auch leider immer am Obermaterial riechen\u2026<\/p>\n<p>\u200d<\/p>\n<p>A: Auf welchen Release freust Du Dich gerade?<\/p>\n<p>S:&nbsp;Karhu macht mir gerade richtig viel Spa\u00df. Die bringen tolle Sachen raus in diesem Jahr. Da freue ich mich eigentlich auf jeden Release.<\/p>\n<p>\u200d<\/p>\n<figure class=\"w-richtext-figure-type-image w-richtext-align-fullwidth\" style=\"max-width:1200px\" data-rt-type=\"image\" data-rt-align=\"fullwidth\" data-rt-max-width=\"1200px\">\n<div><img decoding=\"async\" alt=\"Karhu Legacy 96 - grey\/emerald\/orange - F806035\" src=\"https:\/\/sneaker.de\/wp-content\/uploads\/2022\/05\/626fc0ac9fe971b6e1978bc9_karhu-legacy-96-grey-emerald-orange-f806035.jpg\" width=\"auto\" height=\"auto\" loading=\"lazy\"><\/div><figcaption>Karhu Legacy 96 &#8211; grey\/emerald\/orange &#8211; F806035<\/figcaption><\/figure>\n<p>\u200d<\/p>\n<p>A: Hast Du schon mal \u201caus Versehen\u201d einen Fake Sneaker gekauft?<\/p>\n<p>S:&nbsp;Da ich immer in L\u00e4den kaufe, denke ich nicht.<\/p>\n<p>\u200d<\/p>\n<p>A: Tr\u00e4gst Du all Deine Sneaker oder gibt es welche die &#8222;zu schade f\u00fcr die Stra\u00dfe&#8220; sind?<\/p>\n<p>S:&nbsp;Ich trage sie alle. Zuerst aber nur drinnen. Nach ein paar Tagen geht es dann aber auf die Stra\u00dfe. Einige sehen leider auch schon ziemlich durchgerockt aus\u2026<\/p>\n<p>\u200d<\/p>\n<p>A: Hast Du eine Sneaker-Anekdote die Du teilen m\u00f6chtest?<\/p>\n<p>S:&nbsp;Ich finde es immer wieder sch\u00f6n Zeuge davon zu sein, wie Menschen mit bestimmten Produkten Zeitreisen machen k\u00f6nnen. Ich hatte mal eine Begegnung mit einer jungen Frau, die in den Laden kam und sofort begeistert auf einen Sneaker zulief. <\/p>\n<p>Damals als kleines M\u00e4dchen wollte sie den adidas Allround unbedingt haben, aber ihre Mutter hatte es ihr verboten. Nachdem ich ihr zum Gl\u00fcck die richtige Gr\u00f6\u00dfe bringen konnte, rief sie ihre Mutter an und sagte ganz gl\u00fccklich: &#8222;Ha Mama, jetzt bin ich gro\u00df und darf selber entscheiden.&#8220; Diese Geschichte erz\u00e4hle ich immer sehr gerne. <\/p>\n<p>\u200d<\/p>\n<figure class=\"w-richtext-figure-type-image w-richtext-align-fullwidth\" style=\"max-width:1200px\" data-rt-type=\"image\" data-rt-align=\"fullwidth\" data-rt-max-width=\"1200px\">\n<div><img decoding=\"async\" alt=\"adidas Allround - 1986\" src=\"https:\/\/sneaker.de\/wp-content\/uploads\/2022\/05\/626fc0bea5d4f70db13ddd87_adidas-allround-80er.jpg\" width=\"auto\" height=\"auto\" loading=\"lazy\"><\/div><figcaption>adidas Allround &#8211; Stiftung Warentest Mai 1986 Qualit\u00e4tsurteil:&nbsp;<em>sehr gut<\/em><\/figcaption><\/figure>\n<p>\u200d<\/p>\n<p>A:&nbsp;Stefan, vielen Dank f\u00fcr das Gespr\u00e4ch!<\/p>\n<p>S:&nbsp;Es war mir eine Freude!<\/p>\n<p>\u200d<\/p>\n<p>Mehr Infos \u00fcber Gl\u00fcckstreter findet Ihr <a href=\"https:\/\/sneaker.de\/store\/glueckstreter-bremen\">hier<\/a>. Neben dem <a rel=\"nofollow noopener noreferrer\" href=\"https:\/\/go.sneaker.de\/glueckstreter\" target=\"_blank\">Gl\u00fcckstreter Onlineshop<\/a>, m\u00f6chten wir Euch aber besonders einen Besuch in dem sehr sch\u00f6nen Ladenlokal nahelegen. Das findet ihr hier:<\/p>\n<p>\u200d<\/p>\n<p>Gl\u00fcckstreter<\/p>\n<p>Ostertorsteinweg 68\/69 <\/p>\n<p>28203 Bremen<\/p>\n<p>Mo &#8211; Sa \/ 11 &#8211; 18.30 Uhr<\/p>\n<p>\u200d<\/p>\n<figure class=\"w-richtext-figure-type-image w-richtext-align-fullwidth\" style=\"max-width:1200px\" data-rt-type=\"image\" data-rt-align=\"fullwidth\" data-rt-max-width=\"1200px\">\n<div><img decoding=\"async\" src=\"https:\/\/sneaker.de\/wp-content\/uploads\/2022\/05\/62711d408b0d20c1a8bb7c75_WhatsApp20Image202022-04-0120at2009.40.34-kinsta-local.jpg\" width=\"auto\" height=\"auto\" loading=\"lazy\" alt=\"\"><\/div><figcaption><em>Die meisten Unf\u00e4lle passieren im Haushalt<\/em> &#8211; Stefan im Reebok LT Court &#8211; chalk\/seaport teal\/alabaster &#8211; GW5118<\/figcaption><\/figure>\n<p>\u200d<\/p>\n<p>\u200d<\/p>\n<p>Fotos via Gl\u00fcckstreter, P. Simensen, AFEW<\/p>\n","protected":false},"excerpt":{"rendered":"<p>Wir freuen uns ein Interview zu teilen welches wir vor ein paar Tagen mit Stefan Schrader von Gl\u00fcckstreter gef\u00fchrt haben. Gl\u00fcckstreter ist die Adresse f\u00fcr Sneaker in Bremen. Neben einer feinen Auswahl an Fu\u00dfbekleidung gibt es in dem denkmalgesch\u00fctzten Ladenlokal im Ostertorsteinweg auch T-Shirts und Accessoires. Stefan hat mit Gl\u00fccktreter auch schon 2 Collabs auf [&hellip;]<\/p>\n","protected":false},"featured_media":1831,"template":"","meta":{"_snkr_related_release_include":"","_snkr_related_release_exclude":"","_snkr_is_opener":"0","_snkr_featured":"0","_snkr_homepage_highlight":""},"snkr_kategorie":[20],"snkr_tag":[69],"class_list":["post-1830","snkr_news","type-snkr_news","status-publish","has-post-thumbnail","hentry","snkr_kategorie-interview","snkr_tag-gluckstreter"],"_links":{"self":[{"href":"https:\/\/sneaker.de\/en\/wp-json\/wp\/v2\/snkr_news\/1830","targetHints":{"allow":["GET"]}}],"collection":[{"href":"https:\/\/sneaker.de\/en\/wp-json\/wp\/v2\/snkr_news"}],"about":[{"href":"https:\/\/sneaker.de\/en\/wp-json\/wp\/v2\/types\/snkr_news"}],"wp:featuredmedia":[{"embeddable":true,"href":"https:\/\/sneaker.de\/en\/wp-json\/wp\/v2\/media\/1831"}],"wp:attachment":[{"href":"https:\/\/sneaker.de\/en\/wp-json\/wp\/v2\/media?parent=1830"}],"wp:term":[{"taxonomy":"snkr_kategorie","embeddable":true,"href":"https:\/\/sneaker.de\/en\/wp-json\/wp\/v2\/snkr_kategorie?post=1830"},{"taxonomy":"snkr_tag","embeddable":true,"href":"https:\/\/sneaker.de\/en\/wp-json\/wp\/v2\/snkr_tag?post=1830"}],"curies":[{"name":"wp","href":"https:\/\/api.w.org\/{rel}","templated":true}]}}